{"id":13468,"date":"2021-07-26T19:26:14","date_gmt":"2021-07-26T17:26:14","guid":{"rendered":"https:\/\/www.jkg-bruchsal.de\/?p=13468"},"modified":"2021-07-26T19:27:18","modified_gmt":"2021-07-26T17:27:18","slug":"yes-jazz-goes-kultursommer","status":"publish","type":"post","link":"https:\/\/www.jkg-bruchsal.de\/?p=13468","title":{"rendered":"YES JAZZ goes Kultursommer"},"content":{"rendered":"<h4>Bruchsaler Schulbands swingen und rocken im Atrium<\/h4>\n<div class=\"col-md-12\">\n<div class=\"row\">\n<div class=\"col-md-3 hidden-sm hidden-xs bootstrapfloat\">\n     <a href=\"https:\/\/www.jkg-bruchsal.de\/wordpress\/inhalte\/uploads\/2021\/07\/Kultursommer-2021-The-Stips.jpg\" data-rel=\"lightbox-image-0\" data-rl_title=\"\" data-rl_caption=\"\" title=\"\"><img decoding=\"async\" class=\"img-responsive\" src=\"https:\/\/www.jkg-bruchsal.de\/wordpress\/inhalte\/uploads\/2021\/07\/Kultursommer-2021-The-Stips.jpg\" alt=\"Yes Jazz\"\/><\/a>\n    <\/div>\n<p>Das Atrium in der Bruchsaler Innenstadt f\u00fcllte sich nach und nach mit G\u00e4sten, die eines vereinte: Alle sehnten sich danach, endlich mal wieder Livemusik zu h\u00f6ren! Und mehr noch: Im Rahmen des Bruchsaler Kultursommers konnte sogar die &#8222;Yes Jazz&#8220;-Tradition wieder aufgenommen werden.<\/p>\n<p>Seit 2014 musizieren im B\u00fcrgerzentrum jedes Jahr Schulbands der Bruchsaler Schulen und Ensembles der MuKs. Wegen Corona musste dieses Highlight der Schulmusik nun schon zum 2. Mal ausfallen. <\/p>\n<p><a href=\"https:\/\/www.jkg-bruchsal.de\/?page_id=2990#YES JAZZ! 2021\" class=\"btn btn-primary\" style=\"float:right\">Weiterlesen&nbsp; <span class=\"glyphicon glyphicon-arrow-right\"><\/span><\/a><\/p><\/div>\n<\/p><\/div>\n","protected":false},"excerpt":{"rendered":"<p>Bruchsaler Schulbands swingen und rocken im Atrium Das Atrium in der Bruchsaler Innenstadt f\u00fcllte sich nach und nach mit G\u00e4sten, die eines vereinte: Alle sehnten sich danach, endlich mal wieder Livemusik zu h\u00f6ren! Und mehr noch: Im Rahmen des Bruchsaler Kultursommers konnte sogar die &#8222;Yes Jazz&#8220;-Tradition wieder aufgenommen werden. Seit 2014 musizieren im B\u00fcrgerzentrum jedes [&hellip;]<\/p>\n","protected":false},"author":2,"featured_media":0,"comment_status":"closed","ping_status":"closed","sticky":false,"template":"","format":"standard","meta":{"footnotes":""},"categories":[10,13,6,11],"tags":[],"class_list":["post-13468","post","type-post","status-publish","format-standard","hentry","category-aktuelles","category-arbeitsgemeinschaften","category-musik-theater","category-schulleben"],"_links":{"self":[{"href":"https:\/\/www.jkg-bruchsal.de\/index.php?rest_route=\/wp\/v2\/posts\/13468","targetHints":{"allow":["GET"]}}],"collection":[{"href":"https:\/\/www.jkg-bruchsal.de\/index.php?rest_route=\/wp\/v2\/posts"}],"about":[{"href":"https:\/\/www.jkg-bruchsal.de\/index.php?rest_route=\/wp\/v2\/types\/post"}],"author":[{"embeddable":true,"href":"https:\/\/www.jkg-bruchsal.de\/index.php?rest_route=\/wp\/v2\/users\/2"}],"replies":[{"embeddable":true,"href":"https:\/\/www.jkg-bruchsal.de\/index.php?rest_route=%2Fwp%2Fv2%2Fcomments&post=13468"}],"version-history":[{"count":0,"href":"https:\/\/www.jkg-bruchsal.de\/index.php?rest_route=\/wp\/v2\/posts\/13468\/revisions"}],"wp:attachment":[{"href":"https:\/\/www.jkg-bruchsal.de\/index.php?rest_route=%2Fwp%2Fv2%2Fmedia&parent=13468"}],"wp:term":[{"taxonomy":"category","embeddable":true,"href":"https:\/\/www.jkg-bruchsal.de\/index.php?rest_route=%2Fwp%2Fv2%2Fcategories&post=13468"},{"taxonomy":"post_tag","embeddable":true,"href":"https:\/\/www.jkg-bruchsal.de\/index.php?rest_route=%2Fwp%2Fv2%2Ftags&post=13468"}],"curies":[{"name":"wp","href":"https:\/\/api.w.org\/{rel}","templated":true}]}}