{"id":16024,"date":"2024-10-01T17:23:32","date_gmt":"2024-10-01T15:23:32","guid":{"rendered":"https:\/\/www.jkg-bruchsal.de\/?p=16024"},"modified":"2024-10-01T17:23:32","modified_gmt":"2024-10-01T15:23:32","slug":"stadtradeln-2024-123-das-jkg-war-dabei","status":"publish","type":"post","link":"https:\/\/www.jkg-bruchsal.de\/?p=16024","title":{"rendered":"Stadtradeln 2024 \u2013 1,2,3, \u2026 das JKG war dabei!"},"content":{"rendered":"<h4>Platz 2 mit \u00fcber 12.000 Kilometern<\/h4>\n<div class=\"col-md-12\">\n<div class=\"row\">\n<div class=\"col-md-5 hidden-sm hidden-xs bootstrapfloat\">\n     <a href=\"https:\/\/www.jkg-bruchsal.de\/wordpress\/inhalte\/uploads\/2024\/10\/k-IMG_0425.jpg\" data-rel=\"lightbox-image-0\" data-rl_title=\"\" data-rl_caption=\"\" title=\"\"><img decoding=\"async\" class=\"img-responsive\" src=\"https:\/\/www.jkg-bruchsal.de\/wordpress\/inhalte\/uploads\/2024\/10\/k-IMG_0425.jpg\" alt=\"Stadtradeln\"\/><\/a>\n    <\/div>\n<p>Mit einem beachtlichen Kilometerstand von 12.852 km erreichten 95 Radelnde aus der ganzen Schulgemeinschaft des JKG ein tolles Ergebnis beim diesj\u00e4hrigen Stadtradeln in Bruchsal.<\/p>\n<p>Das Wetter zeigte sich in der ersten Woche von seiner besten Seite. Viele Sch\u00fclerinnen und Sch\u00fcler schwangen sich mit Elan auf ihrer Fahrr\u00e4der und erlebten, wie viel Spa\u00df Bewegung an der frischen Luft macht. Auch einige Lehrerinnen und Lehrer lie\u00dfen das Auto stehen und sparten der Umwelt CO2 und den Kolleg_innen Parkpl\u00e4tze ein. Aber auch einige Eltern, Freunde und Unterst\u00fctzer radelten f\u00fcr das Schulteam des JKG und sammelten flei\u00dfig Kilometer. Besonders die F\u00fcnften Klassen schlossen sich zu Klassenteams zusammen und spornten sich gegenseitig an, die gesamten drei Wochen auch mal bei schlechterem Wetter durchzuhalten. <\/p>\n<p><a href=\"https:\/\/www.jkg-bruchsal.de\/?page_id=16016\" class=\"btn btn-primary\" style=\"float:right\">Weiterlesen&nbsp; <span class=\"glyphicon glyphicon-arrow-right\"><\/span><\/a><\/p><\/div>\n<\/p><\/div>\n","protected":false},"excerpt":{"rendered":"<p>Platz 2 mit \u00fcber 12.000 Kilometern Mit einem beachtlichen Kilometerstand von 12.852 km erreichten 95 Radelnde aus der ganzen Schulgemeinschaft des JKG ein tolles Ergebnis beim diesj\u00e4hrigen Stadtradeln in Bruchsal. Das Wetter zeigte sich in der ersten Woche von seiner besten Seite. Viele Sch\u00fclerinnen und Sch\u00fcler schwangen sich mit Elan auf ihrer Fahrr\u00e4der und erlebten, [&hellip;]<\/p>\n","protected":false},"author":2,"featured_media":0,"comment_status":"closed","ping_status":"closed","sticky":false,"template":"","format":"standard","meta":{"footnotes":""},"categories":[10,11],"tags":[],"class_list":["post-16024","post","type-post","status-publish","format-standard","hentry","category-aktuelles","category-schulleben"],"_links":{"self":[{"href":"https:\/\/www.jkg-bruchsal.de\/index.php?rest_route=\/wp\/v2\/posts\/16024","targetHints":{"allow":["GET"]}}],"collection":[{"href":"https:\/\/www.jkg-bruchsal.de\/index.php?rest_route=\/wp\/v2\/posts"}],"about":[{"href":"https:\/\/www.jkg-bruchsal.de\/index.php?rest_route=\/wp\/v2\/types\/post"}],"author":[{"embeddable":true,"href":"https:\/\/www.jkg-bruchsal.de\/index.php?rest_route=\/wp\/v2\/users\/2"}],"replies":[{"embeddable":true,"href":"https:\/\/www.jkg-bruchsal.de\/index.php?rest_route=%2Fwp%2Fv2%2Fcomments&post=16024"}],"version-history":[{"count":1,"href":"https:\/\/www.jkg-bruchsal.de\/index.php?rest_route=\/wp\/v2\/posts\/16024\/revisions"}],"predecessor-version":[{"id":16025,"href":"https:\/\/www.jkg-bruchsal.de\/index.php?rest_route=\/wp\/v2\/posts\/16024\/revisions\/16025"}],"wp:attachment":[{"href":"https:\/\/www.jkg-bruchsal.de\/index.php?rest_route=%2Fwp%2Fv2%2Fmedia&parent=16024"}],"wp:term":[{"taxonomy":"category","embeddable":true,"href":"https:\/\/www.jkg-bruchsal.de\/index.php?rest_route=%2Fwp%2Fv2%2Fcategories&post=16024"},{"taxonomy":"post_tag","embeddable":true,"href":"https:\/\/www.jkg-bruchsal.de\/index.php?rest_route=%2Fwp%2Fv2%2Ftags&post=16024"}],"curies":[{"name":"wp","href":"https:\/\/api.w.org\/{rel}","templated":true}]}}