{"id":16916,"date":"2026-03-04T07:38:13","date_gmt":"2026-03-04T06:38:13","guid":{"rendered":"https:\/\/www.jkg-bruchsal.de\/?p=16916"},"modified":"2026-03-04T07:38:24","modified_gmt":"2026-03-04T06:38:24","slug":"lene-boess-6c-gewinnt-den-kreisentscheid-des-vorlesewettbewerbs","status":"publish","type":"post","link":"https:\/\/www.jkg-bruchsal.de\/?p=16916","title":{"rendered":"Lene B\u00f6\u00df (6c) gewinnt den Kreisentscheid des Vorlesewettbewerbs\u2026"},"content":{"rendered":"<h4>\u2026 und berichtet von diesem besonderen Tag<\/h4>\n<div class=\"col-md-12\">\n<div class=\"row\">\n<div class=\"col-md-3 bootstrapfloat\">\n    <a href=\"https:\/\/www.jkg-bruchsal.de\/wordpress\/inhalte\/uploads\/2026\/03\/Vorlesewettbewerb-Kreisentscheid-2026.jpg\" data-rel=\"lightbox-image-0\" data-rl_title=\"\" data-rl_caption=\"\" title=\"\"><img decoding=\"async\" class=\"img-responsive\" src=\"https:\/\/www.jkg-bruchsal.de\/wordpress\/inhalte\/uploads\/2026\/03\/Vorlesewettbewerb-Kreisentscheid-2026.jpg\" alt=\"Vorlesewettbewerb\" \/><\/a>\n    <\/div>\n<p>Am Sonntag, den 08.02.26 fand der Kreisentscheid des Vorlesewettbewerbs in der Buchhandlung Kolibri in Bretten statt.<\/p>\n<p>Direkt nach unserem Ankommen wurden die Vorlesepl\u00e4tze ausgelost. Ich sollte als zweite meinen eigenen Text vorlesen und als f\u00fcnfte beim Fremdtext. Nun durften wir uns eigentlich ein bisschen in der B\u00fccherei umschauen, aber ich war viel zu  aufgeregt und konnte mich nicht darauf konzentrieren. Dies besserte sich auch nicht als meine Deutschlehrerin, Frau Alkan, eintraf. Als alle da waren setzten wir uns hin und  der Wettbewerb begann. <\/p>\n<p><a href=\"https:\/\/www.jkg-bruchsal.de\/?page_id=16265\" class=\"btn btn-primary\" style=\"float:right\">Weiterlesen&nbsp; <span class=\"glyphicon glyphicon-arrow-right\"><\/span><\/a><\/p><\/div>\n<\/p><\/div>\n","protected":false},"excerpt":{"rendered":"<p>\u2026 und berichtet von diesem besonderen Tag Am Sonntag, den 08.02.26 fand der Kreisentscheid des Vorlesewettbewerbs in der Buchhandlung Kolibri in Bretten statt. Direkt nach unserem Ankommen wurden die Vorlesepl\u00e4tze ausgelost. Ich sollte als zweite meinen eigenen Text vorlesen und als f\u00fcnfte beim Fremdtext. Nun durften wir uns eigentlich ein bisschen in der B\u00fccherei umschauen, [&hellip;]<\/p>\n","protected":false},"author":2,"featured_media":0,"comment_status":"closed","ping_status":"closed","sticky":false,"template":"","format":"standard","meta":{"footnotes":""},"categories":[10,11],"tags":[],"class_list":["post-16916","post","type-post","status-publish","format-standard","hentry","category-aktuelles","category-schulleben"],"_links":{"self":[{"href":"https:\/\/www.jkg-bruchsal.de\/index.php?rest_route=\/wp\/v2\/posts\/16916","targetHints":{"allow":["GET"]}}],"collection":[{"href":"https:\/\/www.jkg-bruchsal.de\/index.php?rest_route=\/wp\/v2\/posts"}],"about":[{"href":"https:\/\/www.jkg-bruchsal.de\/index.php?rest_route=\/wp\/v2\/types\/post"}],"author":[{"embeddable":true,"href":"https:\/\/www.jkg-bruchsal.de\/index.php?rest_route=\/wp\/v2\/users\/2"}],"replies":[{"embeddable":true,"href":"https:\/\/www.jkg-bruchsal.de\/index.php?rest_route=%2Fwp%2Fv2%2Fcomments&post=16916"}],"version-history":[{"count":3,"href":"https:\/\/www.jkg-bruchsal.de\/index.php?rest_route=\/wp\/v2\/posts\/16916\/revisions"}],"predecessor-version":[{"id":16918,"href":"https:\/\/www.jkg-bruchsal.de\/index.php?rest_route=\/wp\/v2\/posts\/16916\/revisions\/16918"}],"wp:attachment":[{"href":"https:\/\/www.jkg-bruchsal.de\/index.php?rest_route=%2Fwp%2Fv2%2Fmedia&parent=16916"}],"wp:term":[{"taxonomy":"category","embeddable":true,"href":"https:\/\/www.jkg-bruchsal.de\/index.php?rest_route=%2Fwp%2Fv2%2Fcategories&post=16916"},{"taxonomy":"post_tag","embeddable":true,"href":"https:\/\/www.jkg-bruchsal.de\/index.php?rest_route=%2Fwp%2Fv2%2Ftags&post=16916"}],"curies":[{"name":"wp","href":"https:\/\/api.w.org\/{rel}","templated":true}]}}